{"id":2347,"__str__":"Projeto de Lei do Legislativo n\u00ba 8 de 2021","link_detail_backend":"/materia/2347","metadata":{},"numero":8,"ano":2021,"numero_protocolo":null,"data_apresentacao":"2021-08-23","tipo_apresentacao":"E","data_publicacao":null,"numero_origem_externa":"","ano_origem_externa":null,"data_origem_externa":null,"apelido":"","dias_prazo":null,"data_fim_prazo":null,"em_tramitacao":false,"polemica":false,"objeto":"","complementar":false,"ementa":"INSTITUI A SEMANA MUNICIPAL DA PESSOA COM DEFICI\u00caNCIA NO \u00c2MBITO DO MUNIC\u00cdPIO DE CENTEN\u00c1RIO DO SUL E DA OUTRAS PROVID\u00caNCIAS","indexacao":"","observacao":"","resultado":"","texto_original":"http://sapl.centenariodosul.pr.leg.br/media/sapl/public/materialegislativa/2021/2347/projeto_de_lei_08_legislativo_semana_da_pessoa_com_deficiencia.pdf","data_ultima_atualizacao":"2021-10-05T11:24:07.801043-03:00","ip":"187.95.120.246","ultima_edicao":"2021-08-26T08:42:15.106906-03:00","tipo":15,"regime_tramitacao":1,"tipo_origem_externa":null,"local_origem_externa":null,"user":22,"anexadas":[],"autores":[47]}