{"id":3541,"__str__":"Mo\u00e7\u00e3o n\u00ba 7 de 2025","link_detail_backend":"/materia/3541","metadata":{},"numero":7,"ano":2025,"numero_protocolo":null,"data_apresentacao":"2025-02-24","tipo_apresentacao":"E","data_publicacao":null,"numero_origem_externa":"","ano_origem_externa":null,"data_origem_externa":null,"apelido":"","dias_prazo":null,"data_fim_prazo":null,"em_tramitacao":false,"polemica":false,"objeto":"","complementar":false,"ementa":"MO\u00c7\u00c3O DE APLAUSOS aos Professores e Funcion\u00e1rios do Col\u00e9gio Padre Jos\u00e9 Pires, que foram agraciados com a Comenda Escola Ouro pelo excelente desempenho no \u00cdndice de Desenvolvimento da Educa\u00e7\u00e3o B\u00e1sica (IDEB) de 2023.","indexacao":"","observacao":"Essa honraria \u00e9 um reconhecimento ao comprometimento, dedica\u00e7\u00e3o e esfor\u00e7o de toda a equipe escolar, que contribui significativamente para a qualidade da educa\u00e7\u00e3o em nosso munic\u00edpio, promovendo um ensino de excel\u00eancia e formando cidad\u00e3os preparados para os desafios do futuro. Como j\u00e1 dizia Arist\u00f3teles: \"A educa\u00e7\u00e3o tem ra\u00edzes amargas, mas seus frutos s\u00e3o doces.\" O esfor\u00e7o e a dedica\u00e7\u00e3o dos profissionais desta institui\u00e7\u00e3o comprovam que o investimento na educa\u00e7\u00e3o traz resultados valiosos para toda a sociedade.\r\nDiante do exposto, solicito o apoio dos nobres pares para aprova\u00e7\u00e3o desta justa homenagem.","resultado":"","texto_original":"http://sapl.centenariodosul.pr.leg.br/media/sapl/public/materialegislativa/2025/3541/mocao_de_aplausos_007.pdf","data_ultima_atualizacao":"2025-02-25T09:58:00.776493-03:00","ip":"177.185.208.96","ultima_edicao":"2025-02-24T10:08:33.612341-03:00","tipo":7,"regime_tramitacao":1,"tipo_origem_externa":null,"local_origem_externa":null,"user":22,"anexadas":[],"autores":[184]}