{"id":3612,"__str__":"Indica\u00e7\u00e3o n\u00ba 65 de 2025","link_detail_backend":"/materia/3612","metadata":{},"numero":65,"ano":2025,"numero_protocolo":null,"data_apresentacao":"2025-04-07","tipo_apresentacao":"E","data_publicacao":null,"numero_origem_externa":"","ano_origem_externa":null,"data_origem_externa":null,"apelido":"","dias_prazo":null,"data_fim_prazo":null,"em_tramitacao":false,"polemica":false,"objeto":"","complementar":false,"ementa":"fazer a realiza\u00e7\u00e3o de reparos estruturais e funcionais na Quadra Poliesportiva do Distrito de Vila Progresso.","indexacao":"","observacao":"A quadra em quest\u00e3o encontra-se em completo estado de abandono, com diversas eleva\u00e7\u00f5es e deforma\u00e7\u00f5es no piso, que j\u00e1 causaram ferimentos em crian\u00e7as e jovens que frequentam o local para atividades esportivas. A situa\u00e7\u00e3o representa risco \u00e0 integridade f\u00edsica dos usu\u00e1rios e exige a\u00e7\u00e3o imediata por parte do poder p\u00fablico.\r\n\r\nAl\u00e9m disso, a quadra n\u00e3o possui muros ou qualquer tipo de prote\u00e7\u00e3o, o que tem favorecido a entrada irregular de ve\u00edculos \u2014 como carros e motos \u2014 que circulam ou realizam manobras dentro da \u00e1rea, agravando ainda mais a degrada\u00e7\u00e3o do espa\u00e7o. Os muros laterais existentes est\u00e3o parcialmente ca\u00eddos, e a ilumina\u00e7\u00e3o do local \u00e9 prec\u00e1ria, com diversos refletores queimados, dificultando o uso no per\u00edodo noturno e contribuindo para a inseguran\u00e7a.\r\n\r\nRessalto que esta C\u00e2mara j\u00e1 realizou indica\u00e7\u00e3o anterior solicitando provid\u00eancias quanto \u00e0 situa\u00e7\u00e3o da quadra, mas at\u00e9 o presente momento n\u00e3o houve qualquer resposta ou interven\u00e7\u00e3o efetiva por parte do Executivo Municipal.\r\n\r\nDiante do exposto, refor\u00e7o a urg\u00eancia da presente solicita\u00e7\u00e3o, em nome da seguran\u00e7a e bem-estar da comunidade da Vila Progresso, especialmente das crian\u00e7as e jovens que utilizam a quadra como \u00fanico espa\u00e7o de lazer e esporte na localidade.","resultado":"","texto_original":"http://sapl.centenariodosul.pr.leg.br/media/sapl/public/materialegislativa/2025/3612/indicacao_065.pdf","data_ultima_atualizacao":"2025-04-08T10:08:11.598616-03:00","ip":"177.185.208.96","ultima_edicao":"2025-04-07T10:07:51.166660-03:00","tipo":8,"regime_tramitacao":1,"tipo_origem_externa":null,"local_origem_externa":null,"user":22,"anexadas":[],"autores":[184]}