{"id":3615,"__str__":"Mo\u00e7\u00e3o n\u00ba 10 de 2025","link_detail_backend":"/materia/3615","metadata":{},"numero":10,"ano":2025,"numero_protocolo":null,"data_apresentacao":"2025-04-07","tipo_apresentacao":"E","data_publicacao":null,"numero_origem_externa":"","ano_origem_externa":null,"data_origem_externa":null,"apelido":"","dias_prazo":null,"data_fim_prazo":null,"em_tramitacao":false,"polemica":false,"objeto":"","complementar":false,"ementa":"MO\u00c7\u00c3O DE APLAUSOS aos pais e alunos com espectro autista da APAE de Centen\u00e1rio do Sul e tamb\u00e9m a todos professores, em alus\u00e3o a  conscientiza\u00e7\u00e3o do dia mundial do autismo que foi comemorado no dia 2 de abril.","indexacao":"","observacao":"A APAE desempenha um papel fundamental na inclus\u00e3o e no desenvolvimento de pessoas com espectro autista.","resultado":"","texto_original":"http://sapl.centenariodosul.pr.leg.br/media/sapl/public/materialegislativa/2025/3615/mocao_de_aplausos_010.pdf","data_ultima_atualizacao":"2025-04-08T09:58:58.722601-03:00","ip":"177.185.208.96","ultima_edicao":"2025-04-07T13:12:20.678825-03:00","tipo":7,"regime_tramitacao":1,"tipo_origem_externa":null,"local_origem_externa":null,"user":22,"anexadas":[],"autores":[183]}