{"id":3652,"__str__":"Indica\u00e7\u00e3o n\u00ba 78 de 2025","link_detail_backend":"/materia/3652","metadata":{},"numero":78,"ano":2025,"numero_protocolo":null,"data_apresentacao":"2025-04-28","tipo_apresentacao":"E","data_publicacao":null,"numero_origem_externa":"","ano_origem_externa":null,"data_origem_externa":null,"apelido":"","dias_prazo":null,"data_fim_prazo":null,"em_tramitacao":false,"polemica":false,"objeto":"","complementar":false,"ementa":"determinar com urg\u00eancia a manuten\u00e7\u00e3o da Van do Esporte, que atualmente encontra-se parada, prejudicando nossos atletas que necessitam de transporte para participar de competi\u00e7\u00f5es representando nosso munic\u00edpio.","indexacao":"","observacao":"A falta do referido ve\u00edculo tem comprometido a participa\u00e7\u00e3o dos esportistas em importantes eventos esportivos, afetando o desempenho e o incentivo \u00e0 pr\u00e1tica esportiva. \r\nA manuten\u00e7\u00e3o e o retorno da Van \u00e0 ativa s\u00e3o essenciais para garantir o apoio necess\u00e1rio aos nossos atletas e promover o desenvolvimento esportivo local.\r\n\r\nContando com a aten\u00e7\u00e3o e a sensibilidade de Vossa Excel\u00eancia para esta importante demanda, reitero protestos de elevada estima e considera\u00e7\u00e3o.","resultado":"","texto_original":"http://sapl.centenariodosul.pr.leg.br/media/sapl/public/materialegislativa/2025/3652/indicacao_078.pdf","data_ultima_atualizacao":"2025-04-29T09:45:13.090343-03:00","ip":"177.185.208.96","ultima_edicao":"2025-04-28T13:35:58.188769-03:00","tipo":8,"regime_tramitacao":1,"tipo_origem_externa":null,"local_origem_externa":null,"user":22,"anexadas":[],"autores":[185]}