{"id":3662,"__str__":"Indica\u00e7\u00e3o n\u00ba 83 de 2025","link_detail_backend":"/materia/3662","metadata":{},"numero":83,"ano":2025,"numero_protocolo":null,"data_apresentacao":"2025-05-12","tipo_apresentacao":"E","data_publicacao":null,"numero_origem_externa":"","ano_origem_externa":null,"data_origem_externa":null,"apelido":"","dias_prazo":null,"data_fim_prazo":null,"em_tramitacao":false,"polemica":false,"objeto":"","complementar":false,"ementa":"fazer a contrata\u00e7\u00e3o de mais um m\u00e9dico(a) para atuar no posto de sa\u00fade Ana Garcia Ramos, localizado na Rua Dom Geraldo Fernandes, no Conjunto Maximino Pereira Santos.","indexacao":"","observacao":"A necessidade de mais um profissional m\u00e9dico(a) se justifica devido \u00e0 crescente demanda de atendimento no posto de sa\u00fade, devido ao aumento da popula\u00e7\u00e3o atendida nessa unidade de sa\u00fade e atualmente a UBS conta apenas com uma m\u00e9dica, os atendimentos n\u00e3o consegue ser suprida pela equipe m\u00e9dica.\r\nA aus\u00eancia de mais um m\u00e9dico(a) adicional est\u00e1 causando: agendamento que pode demorar at\u00e9 7 dias, limita\u00e7\u00e3o na quantidade de atendimento m\u00e9dico, aumento da espera nas consultas e isso sobrecarrega a equipe atual do posto de sa\u00fade.\r\nDiante do exposto solicito que seja analisada com urg\u00eancia a possibilidade de contrata\u00e7\u00e3o de mais um m\u00e9dico(a) para o posto de sa\u00fade Ana Garcia Ramos. Conto com a colabora\u00e7\u00e3o e aten\u00e7\u00e3o para a melhoria do atendimento \u00e0 popula\u00e7\u00e3o centenariense.","resultado":"","texto_original":"http://sapl.centenariodosul.pr.leg.br/media/sapl/public/materialegislativa/2025/3662/indicacao_083.pdf","data_ultima_atualizacao":"2025-05-13T08:55:49.666476-03:00","ip":"177.185.208.96","ultima_edicao":"2025-05-09T16:28:52.321638-03:00","tipo":8,"regime_tramitacao":1,"tipo_origem_externa":null,"local_origem_externa":null,"user":22,"anexadas":[],"autores":[183]}