{"id":3699,"__str__":"Requerimento n\u00ba 41 de 2025","link_detail_backend":"/materia/3699","metadata":{},"numero":41,"ano":2025,"numero_protocolo":null,"data_apresentacao":"2025-06-02","tipo_apresentacao":"E","data_publicacao":null,"numero_origem_externa":"","ano_origem_externa":null,"data_origem_externa":null,"apelido":"","dias_prazo":null,"data_fim_prazo":null,"em_tramitacao":false,"polemica":false,"objeto":"","complementar":false,"ementa":"informa\u00e7\u00f5es sobre a Associa\u00e7\u00e3o de catadores de materiais recicl\u00e1veis de Centen\u00e1rio do Sul.\r\n\u25cf qual a\u00e7\u00e3o a secretaria respons\u00e1vel est\u00e1 fazendo em rela\u00e7\u00e3o a recicl\u00e1veis do nosso munic\u00edpio? \r\n\u25cf o executivo j\u00e1 convocou alguma reuni\u00e3o com a associa\u00e7\u00e3o depois que foi reconhecido a utilidade p\u00fablica dessa associa\u00e7\u00e3o? \r\n\u25cf o executivo tem previs\u00e3o de disponibilizar um barrac\u00e3o para essa Associa\u00e7\u00e3o come\u00e7ar a funcionar no munic\u00edpio?","indexacao":"","observacao":"A pedido de v\u00e1rios catadores de recicl\u00e1veis do munic\u00edpio.","resultado":"","texto_original":"http://sapl.centenariodosul.pr.leg.br/media/sapl/public/materialegislativa/2025/3699/requerimento_041.pdf","data_ultima_atualizacao":"2025-06-03T14:57:28.056577-03:00","ip":"177.185.208.96","ultima_edicao":"2025-06-02T10:27:46.029295-03:00","tipo":3,"regime_tramitacao":1,"tipo_origem_externa":null,"local_origem_externa":null,"user":22,"anexadas":[],"autores":[181,183,172]}