{"id":3726,"__str__":"Indica\u00e7\u00e3o n\u00ba 98 de 2025","link_detail_backend":"/materia/3726","metadata":{},"numero":98,"ano":2025,"numero_protocolo":null,"data_apresentacao":"2025-06-30","tipo_apresentacao":"E","data_publicacao":null,"numero_origem_externa":"","ano_origem_externa":null,"data_origem_externa":null,"apelido":"","dias_prazo":null,"data_fim_prazo":null,"em_tramitacao":false,"polemica":false,"objeto":"","complementar":false,"ementa":"fazer a constru\u00e7\u00e3o de Pista de Caminhada Ligando o Final da Avenida Vanderlei Antunes de Moraes ao Conjunto Nazar\u00e9 e Vila Rural.","indexacao":"","observacao":"Considerando que os moradores da regi\u00e3o que abrange o final da Avenida Vanderlei Antunes de Moraes, passando pelo Conjunto Nazar\u00e9 at\u00e9 a Vila Rural, enfrentam s\u00e9rias dificuldades para se deslocar at\u00e9 o centro da cidade, uma vez que n\u00e3o h\u00e1 uma \u00e1rea apropriada para o tr\u00e1fego de pedestres ao longo da estrada asfaltada, o que coloca em risco tanto os pedestres quanto os motoristas que trafegam pela via.\r\nConsiderando que a falta de uma pista de caminhada adequada tem gerado grande inseguran\u00e7a para a popula\u00e7\u00e3o, que \u00e9 for\u00e7ada a transitar ao lado da rodovia, aumentando o risco de acidentes, principalmente no per\u00edodo noturno, quando a visibilidade \u00e9 reduzida.\r\nConsiderando, ainda, que a constru\u00e7\u00e3o de uma pista de caminhada n\u00e3o apenas proporcionaria maior seguran\u00e7a para os pedestres, mas tamb\u00e9m funcionaria como um importante espa\u00e7o de lazer e bem-estar para os moradores, oferecendo uma \u00e1rea adequada para a pr\u00e1tica de exerc\u00edcios f\u00edsicos ao ar livre, o que contribuiria para a promo\u00e7\u00e3o da sa\u00fade e qualidade de vida da popula\u00e7\u00e3o local.\r\nDiante do exposto, o vereador Ederson Claudio Pereira de Barros prop\u00f5e a seguinte solicita\u00e7\u00e3o:\r\n\r\n1. Que seja viabilizada a constru\u00e7\u00e3o de uma pista de caminhada ligando o final da Avenida Vanderlei Antunes de Moraes, passando pelo Conjunto Nazar\u00e9 at\u00e9 a Vila Rural, oferecendo aos moradores uma via segura para o deslocamento at\u00e9 o centro da cidade e tamb\u00e9m um espa\u00e7o apropriado para a pr\u00e1tica de atividades f\u00edsicas ao ar livre.\r\n2. Que a obra seja planejada de forma a garantir a acessibilidade para todas as faixas et\u00e1rias, incluindo pessoas com mobilidade reduzida, e que a pista seja suficientemente ampla para atender tanto aos pedestres quanto aos moradores que desejem utilizar o local para a pr\u00e1tica de exerc\u00edcios, como caminhada, corrida e outras atividades.\r\n3. Que a pista de caminhada seja acompanhada de sinaliza\u00e7\u00e3o adequada e ilumina\u00e7\u00e3o p\u00fablica, especialmente nas \u00e1reas de maior fluxo de pedestres, para garantir maior seguran\u00e7a aos usu\u00e1rios, inclusive durante a noite.\r\n\r\nA constru\u00e7\u00e3o dessa pista de caminhada ir\u00e1 n\u00e3o apenas proporcionar um local seguro para o deslocamento di\u00e1rio dos moradores, mas tamb\u00e9m incentivar h\u00e1bitos saud\u00e1veis e melhorar a qualidade de vida da popula\u00e7\u00e3o. Com isso, o munic\u00edpio estar\u00e1 oferecendo um espa\u00e7o importante para a sa\u00fade f\u00edsica e mental de seus cidad\u00e3os.","resultado":"","texto_original":"http://sapl.centenariodosul.pr.leg.br/media/sapl/public/materialegislativa/2025/3726/indicacao_098.pdf","data_ultima_atualizacao":"2025-07-01T14:11:13.934387-03:00","ip":"177.185.208.96","ultima_edicao":"2025-06-30T14:31:15.805226-03:00","tipo":8,"regime_tramitacao":1,"tipo_origem_externa":null,"local_origem_externa":null,"user":22,"anexadas":[],"autores":[185]}