{"id":3743,"__str__":"Indica\u00e7\u00e3o n\u00ba 105 de 2025","link_detail_backend":"/materia/3743","metadata":{},"numero":105,"ano":2025,"numero_protocolo":null,"data_apresentacao":"2025-08-11","tipo_apresentacao":"E","data_publicacao":null,"numero_origem_externa":"","ano_origem_externa":null,"data_origem_externa":null,"apelido":"","dias_prazo":null,"data_fim_prazo":null,"em_tramitacao":false,"polemica":false,"objeto":"","complementar":false,"ementa":"envio de of\u00edcio Ao Senhor LUIS AUGUSTO SILVA -  SECRETARIO DE ESTADO  DAS CIDADES  \u2013 SECID \u2013 BANCO DE PROJETOS DE EDIFICA\u00c7\u00c3O-PROJETO ESPA\u00c7O PARAN\u00c1 MINHA FEIRA, solicitando a celebra\u00e7\u00e3o de um Conv\u00eanio  para a Constru\u00e7\u00e3o de um barrac\u00e3o de 420 metros quadrados no munic\u00edpio visando a instala\u00e7\u00e3o da ASSOCIA\u00c7\u00c3O DOS PEQUENOS PRODUTORES FEIRANTES DA AGRICULTURA FAMILIAR, no Endere\u00e7o Pra\u00e7a Padre Aur\u00e9lio Basso n\u00ba 274,   em frente ao Col\u00e9gio Estadual Padre Jos\u00e9 Pires, em um terreno de 832,30 metros quadrados, doado pelo Estado do Paran\u00e1 ao munic\u00edpio de Centen\u00e1rio do Sul.","indexacao":"","observacao":"A Feira do Produtor desempenha um papel fundamental no fortalecimento da agricultura familiar, no incentivo \u00e0 produ\u00e7\u00e3o local e na promo\u00e7\u00e3o da economia solid\u00e1ria do nosso munic\u00edpio. Por meio dela, pequenos produtores rurais t\u00eam a oportunidade de comercializar diretamente seus produtos, garantindo renda, valoriza\u00e7\u00e3o do trabalho no campo e alimentos de qualidade para a popula\u00e7\u00e3o.\r\n\r\nContudo, para que a Feira do Produtor continue cumprindo seu papel de forma eficiente e organizada, \u00e9 necess\u00e1ria a aloca\u00e7\u00e3o de recursos que garantam melhores condi\u00e7\u00f5es de infraestrutura, aquisi\u00e7\u00e3o de equipamentos, divulga\u00e7\u00e3o, capacita\u00e7\u00f5es t\u00e9cnicas para os feirantes, entre outras melhorias essenciais para seu bom funcionamento.\r\n\r\nDessa forma, solicitamos que seja enviado, por meio da Prefeitura Municipal, um of\u00edcio aos \u00f3rg\u00e3os competentes (como o Governo do Estado, a Secretaria de Agricultura, ou outros poss\u00edveis parceiros institucionais), requerendo apoio financeiro para a realiza\u00e7\u00e3o e o fortalecimento da Feira do Produtor em nosso munic\u00edpio.\r\n\r\nO investimento na feira representa n\u00e3o apenas o apoio aos nossos produtores locais, mas tamb\u00e9m o fomento \u00e0 economia regional, \u00e0 seguran\u00e7a alimentar e ao desenvolvimento sustent\u00e1vel.","resultado":"","texto_original":"http://sapl.centenariodosul.pr.leg.br/media/sapl/public/materialegislativa/2025/3743/indicacao_105.pdf","data_ultima_atualizacao":"2025-08-12T10:54:34.859399-03:00","ip":"177.185.208.96","ultima_edicao":"2025-08-12T10:53:47.582826-03:00","tipo":8,"regime_tramitacao":1,"tipo_origem_externa":null,"local_origem_externa":null,"user":22,"anexadas":[],"autores":[182]}