{"id":3856,"__str__":"Indica\u00e7\u00e3o n\u00ba 147 de 2025","link_detail_backend":"/materia/3856","metadata":{},"numero":147,"ano":2025,"numero_protocolo":null,"data_apresentacao":"2025-11-03","tipo_apresentacao":"E","data_publicacao":null,"numero_origem_externa":"","ano_origem_externa":null,"data_origem_externa":null,"apelido":"","dias_prazo":null,"data_fim_prazo":null,"em_tramitacao":false,"polemica":false,"objeto":"","complementar":false,"ementa":"fazer uma manuten\u00e7\u00e3o na cal\u00e7ada pr\u00f3ximo ao Coreto.","indexacao":"","observacao":"O local necessita de manuten\u00e7\u00e3o urgente, pois o local de acesso aos cadeirantes se encontra com dif\u00edcil acesso, e o problema j\u00e1 est\u00e1 ficando antigo.\r\n- Os servi\u00e7os realizados nesta revitaliza\u00e7\u00e3o da Pra\u00e7a Central ainda est\u00e1 na garantia pela empresa executora da obra? Viabilizar provid\u00eancias para a manuten\u00e7\u00e3o.","resultado":"","texto_original":"http://sapl.centenariodosul.pr.leg.br/media/sapl/public/materialegislativa/2025/3856/indicacao_147.pdf","data_ultima_atualizacao":"2025-11-03T10:35:16.467043-03:00","ip":"177.185.208.96","ultima_edicao":"2025-11-03T10:34:15.582639-03:00","tipo":8,"regime_tramitacao":1,"tipo_origem_externa":null,"local_origem_externa":null,"user":22,"anexadas":[],"autores":[181]}