{"id":3857,"__str__":"Indica\u00e7\u00e3o n\u00ba 148 de 2025","link_detail_backend":"/materia/3857","metadata":{},"numero":148,"ano":2025,"numero_protocolo":null,"data_apresentacao":"2025-11-03","tipo_apresentacao":"E","data_publicacao":null,"numero_origem_externa":"","ano_origem_externa":null,"data_origem_externa":null,"apelido":"","dias_prazo":null,"data_fim_prazo":null,"em_tramitacao":false,"polemica":false,"objeto":"","complementar":false,"ementa":"realizar a altera\u00e7\u00e3o para sentido \u00fanico de circula\u00e7\u00e3o na Rua Jo\u00e3o A. da Silva Neto, especificamente no trecho em frente \u00e0 Creche Menino Jesus III, localizada no Conjunto Adalgiza.","indexacao":"","observacao":"A presente indica\u00e7\u00e3o tem car\u00e1ter emergencial, motivada por reiteradas manifesta\u00e7\u00f5es de pais, professores, funcion\u00e1rios da creche e moradores locais, que relatam dificuldades e riscos no tr\u00e1fego da referida via.\r\nA Rua Jo\u00e3o A. da Silva Neto, assim como as demais vias do Conjunto Adalgiza, possui largura aproximada de 6,5 metros, o que compromete a fluidez e seguran\u00e7a do tr\u00e2nsito em m\u00e3o dupla, especialmente nos hor\u00e1rios de entrada e sa\u00edda das crian\u00e7as, quando h\u00e1 intenso fluxo de ve\u00edculos.\r\nAl\u00e9m disso, com ve\u00edculos estacionados paralelamente em ambos os lados, resta espa\u00e7o apenas para a passagem de um \u00fanico carro, gerando congestionamentos, transtornos aos moradores e riscos aos pedestres, sobretudo crian\u00e7as.\r\nA solu\u00e7\u00e3o definitiva para o bairro seria a revis\u00e3o completa do sistema vi\u00e1rio, com a implanta\u00e7\u00e3o de sentido \u00fanico em todas as ruas, conforme as normas de tr\u00e2nsito vigentes no pa\u00eds. No entanto, diante da urg\u00eancia, prop\u00f5e-se inicialmente a altera\u00e7\u00e3o do trecho em frente \u00e0 creche, como medida imediata de seguran\u00e7a e organiza\u00e7\u00e3o.\r\nContamos com a sensibilidade dos nobres pares e do Poder Executivo para atender este leg\u00edtimo anseio da comunidade.","resultado":"","texto_original":"http://sapl.centenariodosul.pr.leg.br/media/sapl/public/materialegislativa/2025/3857/indicacao_148.pdf","data_ultima_atualizacao":"2025-11-03T13:10:18.942445-03:00","ip":"177.185.208.96","ultima_edicao":"2025-11-03T13:09:23.905308-03:00","tipo":8,"regime_tramitacao":1,"tipo_origem_externa":null,"local_origem_externa":null,"user":22,"anexadas":[],"autores":[185]}