{"id":3866,"__str__":"Projeto de Lei Ordin\u00e1ria n\u00ba 49 de 2025","link_detail_backend":"/materia/3866","metadata":{},"numero":49,"ano":2025,"numero_protocolo":null,"data_apresentacao":"2025-11-06","tipo_apresentacao":"E","data_publicacao":null,"numero_origem_externa":"","ano_origem_externa":null,"data_origem_externa":null,"apelido":"","dias_prazo":null,"data_fim_prazo":null,"em_tramitacao":false,"polemica":false,"objeto":"","complementar":false,"ementa":"Altera a carga hor\u00e1ria do cargo de terapeuta ocupacional e a reda\u00e7\u00e3o dos Anexos II e IV da Lei 3.259/2025","indexacao":"","observacao":"","resultado":"","texto_original":"http://sapl.centenariodosul.pr.leg.br/media/sapl/public/materialegislativa/2025/3866/projeto_de_lei_049_altera_carga_horaria_do_terapeuta_ocupacional.pdf","data_ultima_atualizacao":"2025-12-02T13:42:30.102700-03:00","ip":"177.185.208.96","ultima_edicao":"2025-11-06T14:49:12.071112-03:00","tipo":1,"regime_tramitacao":2,"tipo_origem_externa":null,"local_origem_externa":null,"user":22,"anexadas":[],"autores":[175]}