{"id":3912,"__str__":"Requerimento n\u00ba 92 de 2025","link_detail_backend":"/materia/3912","metadata":{},"numero":92,"ano":2025,"numero_protocolo":null,"data_apresentacao":"2025-12-15","tipo_apresentacao":"E","data_publicacao":null,"numero_origem_externa":"","ano_origem_externa":null,"data_origem_externa":null,"apelido":"","dias_prazo":null,"data_fim_prazo":null,"em_tramitacao":false,"polemica":false,"objeto":"","complementar":false,"ementa":"REQUER da APMIF (Associa\u00e7\u00e3o de Prote\u00e7\u00e3o a Maternidade e a Inf\u00e2ncia e a Fam\u00edlia), de Centen\u00e1rio do Sul, as seguintes informa\u00e7\u00f5es:\r\n1- Rela\u00e7\u00e3o nominal de todos funcion\u00e1rios que prestam servi\u00e7os a entidade no per\u00edodo de junho de 2025 at\u00e9 a presente data;\r\n2- Se no per\u00edodo solicitado houve desligamento de algum funcion\u00e1rio quer seja por justa causa, desligamento espont\u00e2neo ou dispensa sem justa causa;\r\n3- no Caso de dispensa em qualquer circunst\u00e2ncia informar se o funcion\u00e1rio estava de atestado m\u00e9dico, e qual foi o motivo de desligamento;\r\nEnviar c\u00f3pia no caso de desligamento por justa causa de relat\u00f3rio de faltas, advert\u00eancias, suspens\u00e3o ou qualquer procedimento interno que foi aberto parta apura\u00e7\u00e3o de conduta do funcion\u00e1rio e suas conclus\u00f5es.","indexacao":"","observacao":"","resultado":"","texto_original":"http://sapl.centenariodosul.pr.leg.br/media/sapl/public/materialegislativa/2025/3912/requerimento_092.pdf","data_ultima_atualizacao":"2025-12-16T09:50:40.973566-03:00","ip":"177.185.208.96","ultima_edicao":"2025-12-15T11:17:35.832289-03:00","tipo":3,"regime_tramitacao":1,"tipo_origem_externa":null,"local_origem_externa":null,"user":22,"anexadas":[],"autores":[51]}