{"id":3949,"__str__":"Indica\u00e7\u00e3o n\u00ba 14 de 2026","link_detail_backend":"/materia/3949","metadata":{},"numero":14,"ano":2026,"numero_protocolo":null,"data_apresentacao":"2026-03-05","tipo_apresentacao":"E","data_publicacao":null,"numero_origem_externa":"","ano_origem_externa":null,"data_origem_externa":null,"apelido":"","dias_prazo":null,"data_fim_prazo":null,"em_tramitacao":false,"polemica":false,"objeto":"","complementar":false,"ementa":"a necessidade de determinar ao \u00f3rg\u00e3o competente a realiza\u00e7\u00e3o de servi\u00e7os de poda das \u00e1rvores localizadas na Avenida Brasil do Distrito de Vila Progresso, neste munic\u00edpio.","indexacao":"","observacao":"A presente indica\u00e7\u00e3o se faz necess\u00e1ria em raz\u00e3o das constantes reivindica\u00e7\u00f5es dos moradores e pedestres que transitam pela referida avenida. Segundo relatos, as \u00e1rvores encontram-se com galhos excessivamente baixos e copas densas, o que tem causado s\u00e9rios transtornos \u00e0 popula\u00e7\u00e3o.\r\n\r\nO principal problema apontado \u00e9 a obstru\u00e7\u00e3o da ilumina\u00e7\u00e3o p\u00fablica. Durante o per\u00edodo noturno, a copa das \u00e1rvores impede que a luz dos postes alcance adequadamente a via p\u00fablica e as cal\u00e7adas, criando pontos de escurid\u00e3o e m\u00e1 visibilidade no trajeto.\r\n\r\nEsta situa\u00e7\u00e3o gera apreens\u00e3o e inseguran\u00e7a nos moradores que transitam pelo local, uma vez que a falta de claridade contribui para a sensa\u00e7\u00e3o de vulnerabilidade e aumenta os riscos \u00e0 integridade f\u00edsica dos pedestres. A poda emergencial das \u00e1rvores visa, portanto, restaurar as condi\u00e7\u00f5es adequadas de ilumina\u00e7\u00e3o e devolver a seguran\u00e7a necess\u00e1ria para que a comunidade possa trafegar pela avenida sem temores durante a noite.\r\n\r\nDiante do exposto, e considerando que a seguran\u00e7a dos cidad\u00e3os deve ser tratada como prioridade, solicito o atendimento deste pedido com a m\u00e1xima urg\u00eancia.","resultado":"","texto_original":"http://sapl.centenariodosul.pr.leg.br/media/sapl/public/materialegislativa/2026/3949/indicacao_014.pdf","data_ultima_atualizacao":"2026-03-06T13:56:57.876192-03:00","ip":"177.185.208.96","ultima_edicao":"2026-03-03T16:53:01.877925-03:00","tipo":8,"regime_tramitacao":1,"tipo_origem_externa":null,"local_origem_externa":null,"user":22,"anexadas":[],"autores":[185]}