{"id":3954,"__str__":"Indica\u00e7\u00e3o n\u00ba 19 de 2026","link_detail_backend":"/materia/3954","metadata":{},"numero":19,"ano":2026,"numero_protocolo":null,"data_apresentacao":"2026-03-05","tipo_apresentacao":"E","data_publicacao":null,"numero_origem_externa":"","ano_origem_externa":null,"data_origem_externa":null,"apelido":"","dias_prazo":null,"data_fim_prazo":null,"em_tramitacao":false,"polemica":false,"objeto":"","complementar":false,"ementa":"fazer a instala\u00e7\u00e3o de uma guarita de \u00f4nibus (abrigo para passageiros) na Avenida Brasil, no distrito de Vila Progresso.","indexacao":"","observacao":"Atualmente, os moradores que utilizam o transporte coletivo na referida via ficam expostos \u00e0s intemp\u00e9ries clim\u00e1ticas, como sol forte e chuva, enquanto aguardam o embarque. A aus\u00eancia de um abrigo adequado causa desconforto e transtornos, especialmente a idosos, crian\u00e7as e pessoas com mobilidade reduzida.\r\n\r\nA implanta\u00e7\u00e3o de uma guarita de \u00f4nibus no local trar\u00e1 mais dignidade, seguran\u00e7a e conforto aos usu\u00e1rios do transporte p\u00fablico, garantindo prote\u00e7\u00e3o contra as condi\u00e7\u00f5es clim\u00e1ticas adversas e melhorando a qualidade de vida da popula\u00e7\u00e3o que diariamente depende desse servi\u00e7o.\r\n\r\nDiante do exposto, e considerando a relev\u00e2ncia da demanda para os moradores e trabalhadores de Vila Progresso, conto com o apoio dos nobres pares para a aprova\u00e7\u00e3o desta indica\u00e7\u00e3o, e que o Prefeito Municipal, sens\u00edvel a esta causa, determine ao setor competente a realiza\u00e7\u00e3o dos estudos necess\u00e1rios para a viabiliza\u00e7\u00e3o desta importante melhoria.","resultado":"","texto_original":"http://sapl.centenariodosul.pr.leg.br/media/sapl/public/materialegislativa/2026/3954/indicacao_019.pdf","data_ultima_atualizacao":"2026-03-06T13:59:27.394710-03:00","ip":"177.185.208.96","ultima_edicao":"2026-03-05T13:21:51.763105-03:00","tipo":8,"regime_tramitacao":1,"tipo_origem_externa":null,"local_origem_externa":null,"user":22,"anexadas":[],"autores":[185]}