{"id":3967,"__str__":"Requerimento n\u00ba 7 de 2026","link_detail_backend":"/materia/3967","metadata":{},"numero":7,"ano":2026,"numero_protocolo":null,"data_apresentacao":"2026-03-12","tipo_apresentacao":"E","data_publicacao":null,"numero_origem_externa":"","ano_origem_externa":null,"data_origem_externa":null,"apelido":"","dias_prazo":null,"data_fim_prazo":null,"em_tramitacao":false,"polemica":false,"objeto":"","complementar":false,"ementa":"informa\u00e7\u00f5es sobre a casa de propriedade do munic\u00edpio na \u00c1rea de Lazer Pedra Preta:\r\nQuem est\u00e1 cuidando daquele local? Quem est\u00e1 respons\u00e1vel por aquele local?\r\nTem algu\u00e9m usando aquela casa?\r\nO munic\u00edpio realizou algum processo perante a Lei para ceder o espa\u00e7o daquela casa? Se sim, solicito a c\u00f3pia.\r\nSolicito informa\u00e7\u00f5es por se tratar de um bem p\u00fablico, sabendo disso esperamos atrav\u00e9s deste requerimento as respostas das d\u00favidas que chegou a este parlamentar.","indexacao":"","observacao":"","resultado":"","texto_original":"http://sapl.centenariodosul.pr.leg.br/media/sapl/public/materialegislativa/2026/3967/requerimento_007.pdf","data_ultima_atualizacao":"2026-03-13T14:08:42.429620-03:00","ip":"177.185.208.96","ultima_edicao":"2026-03-12T13:53:40.480595-03:00","tipo":3,"regime_tramitacao":1,"tipo_origem_externa":null,"local_origem_externa":null,"user":22,"anexadas":[],"autores":[181,183,172]}