{"id":3971,"__str__":"Indica\u00e7\u00e3o n\u00ba 30 de 2026","link_detail_backend":"/materia/3971","metadata":{},"numero":30,"ano":2026,"numero_protocolo":null,"data_apresentacao":"2026-03-19","tipo_apresentacao":"E","data_publicacao":null,"numero_origem_externa":"","ano_origem_externa":null,"data_origem_externa":null,"apelido":"","dias_prazo":null,"data_fim_prazo":null,"em_tramitacao":false,"polemica":false,"objeto":"","complementar":false,"ementa":"para que seja estudada e viabilizada a disponibiliza\u00e7\u00e3o de um \u00f4nibus de maior capacidade para o transporte de pacientes que necessitam se deslocar para consultas fora do munic\u00edpio, sus e particular.","indexacao":"","observacao":"A presente solicita\u00e7\u00e3o atende a diversas demandas da popula\u00e7\u00e3o, especialmente de pacientes que, diante da aus\u00eancia ou da demora na oferta de consultas e especialidades pelo SUS, acabam recorrendo ao atendimento particular por necessidade e urg\u00eancia.\r\nAtualmente, observa-se que o ve\u00edculo disponibilizado nem sempre comporta a quantidade de pacientes que necessitam do transporte, gerando desconforto, superlota\u00e7\u00e3o e, em alguns casos, a impossibilidade de atendimento a todos.\r\nAl\u00e9m disso, muitos pacientes n\u00e3o possuem condi\u00e7\u00f5es financeiras para arcar com os custos de transporte, o que dificulta ou at\u00e9 impede a realiza\u00e7\u00e3o de consultas e exames essenciais.\r\nDessa forma, solicita-se que o Poder Executivo e a Secretaria Municipal de Sa\u00fade avalie a amplia\u00e7\u00e3o da capacidade do transporte, por meio da disponibiliza\u00e7\u00e3o de um \u00f4nibus maior ou outras alternativas adequadas, garantindo mais conforto, seguran\u00e7a e dignidade aos pacientes.","resultado":"","texto_original":"http://sapl.centenariodosul.pr.leg.br/media/sapl/public/materialegislativa/2026/3971/indicacao_030.pdf","data_ultima_atualizacao":"2026-03-20T10:25:40.493290-03:00","ip":"177.185.208.96","ultima_edicao":"2026-03-19T09:01:34.072020-03:00","tipo":8,"regime_tramitacao":1,"tipo_origem_externa":null,"local_origem_externa":null,"user":22,"anexadas":[],"autores":[182]}