{"id":3992,"__str__":"Indica\u00e7\u00e3o n\u00ba 40 de 2026","link_detail_backend":"/materia/3992","metadata":{},"numero":40,"ano":2026,"numero_protocolo":null,"data_apresentacao":"2026-03-26","tipo_apresentacao":"E","data_publicacao":null,"numero_origem_externa":"","ano_origem_externa":null,"data_origem_externa":null,"apelido":"","dias_prazo":null,"data_fim_prazo":null,"em_tramitacao":false,"polemica":false,"objeto":"","complementar":false,"ementa":"fazer uma ro\u00e7agem nas \u00faltimas quadras da Rua Jos\u00e9 Garcia Alves do Conjunto S\u00e3o Judas Tadeu.","indexacao":"","observacao":"Os moradores encontram-se incomodados com o mato naquelas localidades. N\u00e3o \u00e9 muita coisa, mas com um pouco de aten\u00e7\u00e3o os moradores daquele bairro j\u00e1 ficam satisfeito.\r\nEstamos sendo cobrados e por isso fazemos a nossa parte.","resultado":"","texto_original":"http://sapl.centenariodosul.pr.leg.br/media/sapl/public/materialegislativa/2026/3992/indicacao_040_assinada.pdf","data_ultima_atualizacao":"2026-03-27T09:19:34.773340-03:00","ip":"177.185.208.96","ultima_edicao":"2026-03-27T09:19:34.612280-03:00","tipo":8,"regime_tramitacao":1,"tipo_origem_externa":null,"local_origem_externa":null,"user":22,"anexadas":[],"autores":[181,183,172]}