{"id":3993,"__str__":"Indica\u00e7\u00e3o n\u00ba 41 de 2026","link_detail_backend":"/materia/3993","metadata":{},"numero":41,"ano":2026,"numero_protocolo":null,"data_apresentacao":"2026-03-26","tipo_apresentacao":"","data_publicacao":null,"numero_origem_externa":"","ano_origem_externa":null,"data_origem_externa":null,"apelido":"","dias_prazo":null,"data_fim_prazo":null,"em_tramitacao":false,"polemica":false,"objeto":"","complementar":false,"ementa":"colocar um Guarda (Vigia) no Posto de Sa\u00fade Central Anita Canet, no per\u00edodo noturno, inclusive final de semana e feriados.","indexacao":"","observacao":"Estamos tendo reclama\u00e7\u00f5es di\u00e1rias que as pessoas est\u00e3o usando o local e fazendo vandalismo nos hor\u00e1rios que se encontra fechado, onde est\u00e3o bebendo, fumando e badernando nos banheiros.","resultado":"","texto_original":"http://sapl.centenariodosul.pr.leg.br/media/sapl/public/materialegislativa/2026/3993/indicacao_041.pdf","data_ultima_atualizacao":"2026-03-27T09:20:28.176987-03:00","ip":"177.185.208.96","ultima_edicao":"2026-03-26T13:45:58.923623-03:00","tipo":8,"regime_tramitacao":1,"tipo_origem_externa":null,"local_origem_externa":null,"user":22,"anexadas":[],"autores":[181]}