{"id":4001,"__str__":"Indica\u00e7\u00e3o n\u00ba 45 de 2026","link_detail_backend":"/materia/4001","metadata":{},"numero":45,"ano":2026,"numero_protocolo":null,"data_apresentacao":"2026-04-09","tipo_apresentacao":"E","data_publicacao":null,"numero_origem_externa":"","ano_origem_externa":null,"data_origem_externa":null,"apelido":"","dias_prazo":null,"data_fim_prazo":null,"em_tramitacao":false,"polemica":false,"objeto":"","complementar":false,"ementa":"providenciar a instala\u00e7\u00e3o de uma guarita de \u00f4nibus no Conjunto Jardim Europa, localizado na Rua It\u00e1lia n\u00ba 145, em Centen\u00e1rio do Sul.","indexacao":"","observacao":"O referido local \u00e9 utilizado diariamente como ponto de embarque por trabalhadores da Usina e da empresa Jaguafrango de Jaguapit\u00e3. Atualmente, esses cidad\u00e3os aguardam o transporte expostos \u00e0s intemp\u00e9ries, como sol intenso e chuvas, o que causa desconforto e preju\u00edzos \u00e0 sa\u00fade.  \r\n\r\nA instala\u00e7\u00e3o da guarita proporcionar\u00e1:  \r\n- Maior prote\u00e7\u00e3o e seguran\u00e7a aos usu\u00e1rios do transporte coletivo;  \r\n- Conforto durante a espera;  \r\n- Valoriza\u00e7\u00e3o da infraestrutura urbana e do bem-estar da comunidade trabalhadora.  \r\n\r\nDiante da relev\u00e2ncia social da medida, conto com a aten\u00e7\u00e3o do Poder Executivo para que esta Indica\u00e7\u00e3o seja atendida com a m\u00e1xima prioridade.","resultado":"","texto_original":"http://sapl.centenariodosul.pr.leg.br/media/sapl/public/materialegislativa/2026/4001/indicacao_045.pdf","data_ultima_atualizacao":"2026-04-10T09:06:27.793946-03:00","ip":"177.185.208.96","ultima_edicao":"2026-04-09T08:55:58.833878-03:00","tipo":8,"regime_tramitacao":1,"tipo_origem_externa":null,"local_origem_externa":null,"user":22,"anexadas":[],"autores":[185]}