{"id":4002,"__str__":"Indica\u00e7\u00e3o n\u00ba 46 de 2026","link_detail_backend":"/materia/4002","metadata":{},"numero":46,"ano":2026,"numero_protocolo":null,"data_apresentacao":"2026-04-09","tipo_apresentacao":"E","data_publicacao":null,"numero_origem_externa":"","ano_origem_externa":null,"data_origem_externa":null,"apelido":"","dias_prazo":null,"data_fim_prazo":null,"em_tramitacao":false,"polemica":false,"objeto":"","complementar":false,"ementa":"realizar a limpeza e adequa\u00e7\u00e3o do parquinho infantil localizado no Jardim Europa, com servi\u00e7os de poda das \u00e1rvores, corte da grama, reparo nos brinquedos e coloca\u00e7\u00e3o de pedrisco entre os brinquedos, visando a melhoria e seguran\u00e7a do espa\u00e7o.","indexacao":"","observacao":"O parquinho infantil do Jardim Europa encontra-se em condi\u00e7\u00f5es inadequadas para uso das crian\u00e7as da comunidade, necessitando de manuten\u00e7\u00e3o urgente. A poda das \u00e1rvores e o corte da grama contribuir\u00e3o para maior higiene e seguran\u00e7a, evitando riscos de acidentes. O reparo nos brinquedos garantir\u00e1 que sejam utilizados de forma segura, e a coloca\u00e7\u00e3o de pedrisco entre os brinquedos proporcionar\u00e1 melhor adequa\u00e7\u00e3o do solo, evitando lama e escorreg\u00f5es.  \r\n\r\nA medida trar\u00e1 benef\u00edcios diretos \u00e0s fam\u00edlias e crian\u00e7as do bairro, promovendo lazer saud\u00e1vel e seguro, al\u00e9m de valorizar o espa\u00e7o p\u00fablico.","resultado":"","texto_original":"http://sapl.centenariodosul.pr.leg.br/media/sapl/public/materialegislativa/2026/4002/indicacao_046.pdf","data_ultima_atualizacao":"2026-04-10T09:06:51.072490-03:00","ip":"177.185.208.96","ultima_edicao":"2026-04-09T08:57:17.085896-03:00","tipo":8,"regime_tramitacao":1,"tipo_origem_externa":null,"local_origem_externa":null,"user":22,"anexadas":[],"autores":[185]}