{"id":4003,"__str__":"Indica\u00e7\u00e3o n\u00ba 47 de 2026","link_detail_backend":"/materia/4003","metadata":{},"numero":47,"ano":2026,"numero_protocolo":null,"data_apresentacao":"2026-04-09","tipo_apresentacao":"E","data_publicacao":null,"numero_origem_externa":"","ano_origem_externa":null,"data_origem_externa":null,"apelido":"","dias_prazo":null,"data_fim_prazo":null,"em_tramitacao":false,"polemica":false,"objeto":"","complementar":false,"ementa":"providencie a instala\u00e7\u00e3o de placas de sinaliza\u00e7\u00e3o vi\u00e1ria, bem como placas com os nomes das ruas no Bairro Jardim Europa.","indexacao":"","observacao":"A aus\u00eancia de placas de identifica\u00e7\u00e3o das vias p\u00fablicas e de sinaliza\u00e7\u00e3o adequada no Bairro Jardim Europa tem causado in\u00fameros transtornos aos moradores, especialmente no recebimento de encomendas e correspond\u00eancias, al\u00e9m de dificultar a localiza\u00e7\u00e3o por prestadores de servi\u00e7os, visitantes e at\u00e9 mesmo \u00f3rg\u00e3os p\u00fablicos como ambul\u00e2ncias e transporte escolar.  \r\n\r\nA medida contribuir\u00e1 para:  \r\n- Melhor organiza\u00e7\u00e3o urbana e mobilidade;  \r\n- Maior seguran\u00e7a no tr\u00e1fego de ve\u00edculos e pedestres;  \r\n- Facilidade na presta\u00e7\u00e3o de servi\u00e7os p\u00fablicos e privados;  \r\n- Valoriza\u00e7\u00e3o do bairro e atendimento a uma reivindica\u00e7\u00e3o leg\u00edtima da comunidade.  \r\n\r\nDiante do exposto, solicito a aten\u00e7\u00e3o do Executivo para que sejam tomadas as provid\u00eancias necess\u00e1rias com a m\u00e1xima urg\u00eancia.","resultado":"","texto_original":"http://sapl.centenariodosul.pr.leg.br/media/sapl/public/materialegislativa/2026/4003/indicacao_047.pdf","data_ultima_atualizacao":"2026-04-10T09:07:12.353535-03:00","ip":"177.185.208.96","ultima_edicao":"2026-04-09T09:00:49.357926-03:00","tipo":8,"regime_tramitacao":1,"tipo_origem_externa":null,"local_origem_externa":null,"user":22,"anexadas":[],"autores":[185]}