{"id":4007,"__str__":"Indica\u00e7\u00e3o n\u00ba 51 de 2026","link_detail_backend":"/materia/4007","metadata":{},"numero":51,"ano":2026,"numero_protocolo":null,"data_apresentacao":"2026-04-09","tipo_apresentacao":"E","data_publicacao":null,"numero_origem_externa":"","ano_origem_externa":null,"data_origem_externa":null,"apelido":"","dias_prazo":null,"data_fim_prazo":null,"em_tramitacao":false,"polemica":false,"objeto":"","complementar":false,"ementa":"atrav\u00e9s da Secretaria Municipal de Administra\u00e7\u00e3o, que seja disponibilizado transporte escolar para levar os alunos das escolas municipais \u00e0 Exposi\u00e7\u00e3o Agropecu\u00e1ria de Londrina, evento tradicional que abre suas portas gratuitamente para visita\u00e7\u00e3o escolar.","indexacao":"","observacao":"Nos \u00faltimos anos, infelizmente, essa oportunidade tem sido negada, privando muitas crian\u00e7as e jovens \u2014 especialmente aqueles de origem humilde \u2014 de vivenciar uma experi\u00eancia \u00fanica de aprendizado fora da sala de aula. Ressalta-se que demais cidades da regi\u00e3o continuam levando seus alunos para a exposi\u00e7\u00e3o, garantindo acesso a esse espa\u00e7o de conhecimento e cultura. Ao n\u00e3o oferecer transporte, nosso munic\u00edpio acaba colocando seus estudantes em desvantagem em rela\u00e7\u00e3o aos demais, criando uma desigualdade que n\u00e3o deveria existir dentro da educa\u00e7\u00e3o p\u00fablica.\r\n\r\nA visita \u00e0 exposi\u00e7\u00e3o n\u00e3o \u00e9 apenas um passeio: \u00e9 um momento de aprendizagem pr\u00e1tica, de contato com novas tecnologias, culturas e conhecimentos que ampliam horizontes e despertam voca\u00e7\u00f5es. O transporte escolar tem como finalidade garantir acesso \u00e0 educa\u00e7\u00e3o, e eventos como este s\u00e3o parte essencial desse processo. Negar esse transporte significa cessar oportunidades que poderiam transformar positivamente a trajet\u00f3ria escolar e pessoal desses estudantes. Diminuir para economizar \u00e9 compreens\u00edvel; cessar totalmente \u00e9 inadequado.\r\n\r\nDiante disso, indico ao Executivo Municipal que reconsidere a decis\u00e3o e busque estrat\u00e9gias para garantir que todos os anos nossos alunos possam participar da Exposi\u00e7\u00e3o Agropecu\u00e1ria de Londrina. Essa medida n\u00e3o \u00e9 apenas um investimento em transporte, mas sim em educa\u00e7\u00e3o, cidadania e futuro.","resultado":"","texto_original":"http://sapl.centenariodosul.pr.leg.br/media/sapl/public/materialegislativa/2026/4007/indicacao_051.pdf","data_ultima_atualizacao":"2026-04-10T09:08:31.241472-03:00","ip":"177.185.208.96","ultima_edicao":"2026-04-09T09:12:53.671077-03:00","tipo":8,"regime_tramitacao":1,"tipo_origem_externa":null,"local_origem_externa":null,"user":22,"anexadas":[],"autores":[185]}