{"id":4018,"__str__":"Indica\u00e7\u00e3o n\u00ba 58 de 2026","link_detail_backend":"/materia/4018","metadata":{},"numero":58,"ano":2026,"numero_protocolo":null,"data_apresentacao":"2026-04-16","tipo_apresentacao":"E","data_publicacao":null,"numero_origem_externa":"","ano_origem_externa":null,"data_origem_externa":null,"apelido":"","dias_prazo":null,"data_fim_prazo":null,"em_tramitacao":false,"polemica":false,"objeto":"","complementar":false,"ementa":"fazer a instala\u00e7\u00e3o de ventiladores adicionais ou aparelhos de ar-condicionado no Centro Comunit\u00e1rio de Vila Progresso.","indexacao":"","observacao":"O Centro Comunit\u00e1rio da Vila Progresso \u00e9 um espa\u00e7o amplamente utilizado pela popula\u00e7\u00e3o para a realiza\u00e7\u00e3o de reuni\u00f5es, eventos, atividades sociais e encontros comunit\u00e1rios.\r\n\r\nNo entanto, especialmente em per\u00edodos de altas temperaturas, o ambiente tem se tornado excessivamente quente, causando desconforto aos usu\u00e1rios, incluindo crian\u00e7as, idosos e demais frequentadores.\r\n\r\nA instala\u00e7\u00e3o de ventiladores adicionais ou aparelhos de ar-condicionado proporcionar\u00e1 melhores condi\u00e7\u00f5es de uso do espa\u00e7o, garantindo conforto, bem-estar e incentivando ainda mais a participa\u00e7\u00e3o da comunidade nas atividades realizadas no local.\r\n\r\nDiante disso, contamos com a aten\u00e7\u00e3o do Poder Executivo para o atendimento desta importante demanda da popula\u00e7\u00e3o.","resultado":"","texto_original":"http://sapl.centenariodosul.pr.leg.br/media/sapl/public/materialegislativa/2026/4018/indicacao_058.pdf","data_ultima_atualizacao":"2026-04-16T08:30:40.364730-03:00","ip":"177.185.208.96","ultima_edicao":"2026-04-16T08:29:55.980464-03:00","tipo":8,"regime_tramitacao":1,"tipo_origem_externa":null,"local_origem_externa":null,"user":22,"anexadas":[],"autores":[182]}