{"id":4020,"__str__":"Requerimento n\u00ba 19 de 2026","link_detail_backend":"/materia/4020","metadata":{},"numero":19,"ano":2026,"numero_protocolo":null,"data_apresentacao":"2026-04-16","tipo_apresentacao":"","data_publicacao":null,"numero_origem_externa":"","ano_origem_externa":null,"data_origem_externa":null,"apelido":"","dias_prazo":null,"data_fim_prazo":null,"em_tramitacao":false,"polemica":false,"objeto":"","complementar":false,"ementa":"informa\u00e7\u00f5es acerca da capela mortu\u00e1ria municipal, que se encontra interditada h\u00e1 v\u00e1rios meses.","indexacao":"","observacao":"A comunidade recebeu a informa\u00e7\u00e3o de que seria iniciada a reforma do referido espa\u00e7o, entretanto j\u00e1 estamos no m\u00eas de abril e at\u00e9 o momento n\u00e3o houve in\u00edcio das obras. Ressaltamos que a capela mortu\u00e1ria \u00e9 um equipamento p\u00fablico de grande relev\u00e2ncia social, pois oferece condi\u00e7\u00f5es dignas para que as fam\u00edlias possam velar seus entes queridos. A aus\u00eancia desse espa\u00e7o tem gerado transtornos e dificuldades para toda a popula\u00e7\u00e3o, que se v\u00ea privada de um servi\u00e7o essencial e tradicional.  \r\nDiante disso, solicitamos que seja informado:  \r\n- A data prevista para o in\u00edcio da reforma;  \r\n- A previs\u00e3o de conclus\u00e3o e entrega da obra \u00e0 comunidade.","resultado":"","texto_original":"http://sapl.centenariodosul.pr.leg.br/media/sapl/public/materialegislativa/2026/4020/requerimento_019.pdf","data_ultima_atualizacao":"2026-04-16T11:16:56.360989-03:00","ip":"177.185.208.96","ultima_edicao":"2026-04-16T11:16:56.021756-03:00","tipo":3,"regime_tramitacao":1,"tipo_origem_externa":null,"local_origem_externa":null,"user":22,"anexadas":[],"autores":[174]}