{"id":4028,"__str__":"Requerimento n\u00ba 20 de 2026","link_detail_backend":"/materia/4028","metadata":{},"numero":20,"ano":2026,"numero_protocolo":null,"data_apresentacao":"2026-04-16","tipo_apresentacao":"E","data_publicacao":null,"numero_origem_externa":"","ano_origem_externa":null,"data_origem_externa":null,"apelido":"","dias_prazo":null,"data_fim_prazo":null,"em_tramitacao":false,"polemica":false,"objeto":"","complementar":false,"ementa":"informa\u00e7\u00f5es sobre toda frota do munic\u00edpio que est\u00e1 em uso:\r\n- Quantos ve\u00edculos (carros) baixos tem? \r\n- Informar marca do ve\u00edculo, placa e setor que est\u00e1 lotado o ve\u00edculo?\r\n- Informar todos caminh\u00f5es que tem o munic\u00edpio? Solicito a marca, placa e setor que est\u00e1 lotado?\r\n- Informar todos \u00f4nibus que tem o munic\u00edpio? Solicito marca, placa e setor que est\u00e1 lotado?\r\n- Informar todos maquin\u00e1rios que tem o munic\u00edpio? Solicito marca e setor que est\u00e1 lotado?\r\n- Informar todas ambul\u00e2ncias e Vans que tem no munic\u00edpio, solicito marca, placa e setor que est\u00e1 lotado?","indexacao":"","observacao":"","resultado":"","texto_original":"http://sapl.centenariodosul.pr.leg.br/media/sapl/public/materialegislativa/2026/4028/requerimento_020.pdf","data_ultima_atualizacao":"2026-04-16T11:20:19.650637-03:00","ip":"177.185.208.96","ultima_edicao":"2026-04-16T11:19:54.992573-03:00","tipo":3,"regime_tramitacao":1,"tipo_origem_externa":null,"local_origem_externa":null,"user":22,"anexadas":[],"autores":[181]}