{"id":4034,"__str__":"Requerimento n\u00ba 22 de 2026","link_detail_backend":"/materia/4034","metadata":{},"numero":22,"ano":2026,"numero_protocolo":null,"data_apresentacao":"2026-04-23","tipo_apresentacao":"E","data_publicacao":null,"numero_origem_externa":"","ano_origem_externa":null,"data_origem_externa":null,"apelido":"","dias_prazo":null,"data_fim_prazo":null,"em_tramitacao":false,"polemica":false,"objeto":"","complementar":false,"ementa":"informa\u00e7\u00f5es acerca da suspens\u00e3o do transporte circular que atendia a Vila Progresso.","indexacao":"","observacao":"A presente solicita\u00e7\u00e3o se faz necess\u00e1ria diante das in\u00fameras reclama\u00e7\u00f5es da popula\u00e7\u00e3o de Vila Progresso, que est\u00e1 sendo diretamente prejudicada com a aus\u00eancia do transporte circular.\r\nMuitos moradores dependem exclusivamente desse servi\u00e7o para suas atividades di\u00e1rias, e a sua suspens\u00e3o tem causado transtornos, dificultando o acesso a servi\u00e7os b\u00e1sicos e comprometendo a qualidade de vida da comunidade.\r\nDiante disso, \u00e9 fundamental que o Poder Executivo preste esclarecimentos e adote as medidas necess\u00e1rias para garantir o atendimento adequado \u00e0 popula\u00e7\u00e3o.","resultado":"","texto_original":"http://sapl.centenariodosul.pr.leg.br/media/sapl/public/materialegislativa/2026/4034/requerimento_022_assinada.pdf","data_ultima_atualizacao":"2026-04-27T13:57:00.879166-03:00","ip":"177.185.208.96","ultima_edicao":"2026-04-27T13:56:43.297288-03:00","tipo":3,"regime_tramitacao":1,"tipo_origem_externa":null,"local_origem_externa":null,"user":22,"anexadas":[],"autores":[51,182]}