{"id":4041,"__str__":"Indica\u00e7\u00e3o n\u00ba 74 de 2026","link_detail_backend":"/materia/4041","metadata":{},"numero":74,"ano":2026,"numero_protocolo":null,"data_apresentacao":"2026-04-30","tipo_apresentacao":"E","data_publicacao":null,"numero_origem_externa":"","ano_origem_externa":null,"data_origem_externa":null,"apelido":"","dias_prazo":null,"data_fim_prazo":null,"em_tramitacao":false,"polemica":false,"objeto":"","complementar":false,"ementa":"inserir no roteiro a coleta de lixo, ao menos uma vez por semana no Acampamento Fidel Castro, no munic\u00edpio de Centen\u00e1rio do Sul.","indexacao":"","observacao":"Considerando que a presente propositura busca junto ao Executivo Municipal a inclus\u00e3o do Acampamento Fidel Castro no roteiro de coleta regular de res\u00edduos s\u00f3lidos;\r\nConsiderando que o referido acampamento abriga mais de 280 fam\u00edlias que atualmente n\u00e3o contam com a presta\u00e7\u00e3o desse servi\u00e7o p\u00fablico essencial;\r\nConsiderando que a aus\u00eancia da coleta regular de lixo contribui para o ac\u00famulo de res\u00edduos, ocasionando riscos \u00e0 sa\u00fade p\u00fablica, prolifera\u00e7\u00e3o de insetos e animais transmissores de doen\u00e7as, al\u00e9m de impactos ambientais negativos;\r\nConsiderando que a coleta de lixo \u00e9 um servi\u00e7o b\u00e1sico indispens\u00e1vel para garantir dignidade, qualidade de vida e bem-estar \u00e0 popula\u00e7\u00e3o;\r\nConsiderando que muitas fam\u00edlias da localidade enfrentam dificuldades para realizar o descarte adequado dos res\u00edduos, o que agrava ainda mais a situa\u00e7\u00e3o sanit\u00e1ria da \u00e1rea;\r\nConsiderando, por fim, que a implementa\u00e7\u00e3o da coleta semanal trar\u00e1 melhorias significativas nas condi\u00e7\u00f5es de higiene, sa\u00fade e organiza\u00e7\u00e3o do local;\r\nA coleta regular, ao menos uma vez por semana, garantir\u00e1 mais limpeza, sa\u00fade p\u00fablica e dignidade \u00e0s fam\u00edlias residentes no Acampamento Fidel Castro.\r\nFrente \u00e0s argumenta\u00e7\u00f5es, solicitamos a devida aten\u00e7\u00e3o para o atendimento do presente pedido.\r\nAcreditando ter justificado a Indica\u00e7\u00e3o, conto com o apoio dos Nobres Colegas Vereadores.","resultado":"","texto_original":"http://sapl.centenariodosul.pr.leg.br/media/sapl/public/materialegislativa/2026/4041/indicacao_074.pdf","data_ultima_atualizacao":"2026-04-30T10:42:19.296046-03:00","ip":"177.185.208.96","ultima_edicao":"2026-04-30T10:34:29.424810-03:00","tipo":8,"regime_tramitacao":1,"tipo_origem_externa":null,"local_origem_externa":null,"user":22,"anexadas":[],"autores":[185]}