{"id":4045,"__str__":"Indica\u00e7\u00e3o n\u00ba 78 de 2026","link_detail_backend":"/materia/4045","metadata":{},"numero":78,"ano":2026,"numero_protocolo":null,"data_apresentacao":"2026-04-30","tipo_apresentacao":"E","data_publicacao":null,"numero_origem_externa":"","ano_origem_externa":null,"data_origem_externa":null,"apelido":"","dias_prazo":null,"data_fim_prazo":null,"em_tramitacao":false,"polemica":false,"objeto":"","complementar":false,"ementa":"execu\u00e7\u00e3o do cal\u00e7amento da Pra\u00e7a Josaco Tacano, garantindo seguran\u00e7a, acessibilidade e conforto aos usu\u00e1rios do espa\u00e7o p\u00fablico.","indexacao":"","observacao":"Considerando que a Pra\u00e7a Josaco Tacano, desde a sua constru\u00e7\u00e3o, n\u00e3o possui cal\u00e7adas destinadas \u00e0 circula\u00e7\u00e3o de pedestres;\r\n\r\nConsiderando que os trechos por onde deveriam transitar os usu\u00e1rios encontram-se sem qualquer pavimenta\u00e7\u00e3o, em muitos pontos tomados pelo mato, dificultando o tr\u00e2nsito e oferecendo risco de acidentes, especialmente para crian\u00e7as, idosos e pessoas com mobilidade reduzida;\r\n\r\nConsiderando que a falta de cal\u00e7amento compromete a conserva\u00e7\u00e3o da pra\u00e7a, dificultando a limpeza, o uso pleno do espa\u00e7o e a realiza\u00e7\u00e3o de atividades recreativas e comunit\u00e1rias;\r\n\r\nConsiderando que o cal\u00e7amento contribuir\u00e1 para a valoriza\u00e7\u00e3o do espa\u00e7o p\u00fablico, promovendo seguran\u00e7a, acessibilidade, conforto e incentivando a frequ\u00eancia da popula\u00e7\u00e3o local;\r\n\r\nConsiderando que a\u00e7\u00f5es simples como esta t\u00eam grande impacto social, fortalecendo o bem-estar da comunidade e valorizando o patrim\u00f4nio p\u00fablico;\r\n\r\nO Vereador reiteradamente indica a execu\u00e7\u00e3o do cal\u00e7amento da Pra\u00e7a Josaco Tacano, como medida de melhoria da infraestrutura urbana e promo\u00e7\u00e3o do uso seguro e adequado do espa\u00e7o p\u00fablico.","resultado":"","texto_original":"http://sapl.centenariodosul.pr.leg.br/media/sapl/public/materialegislativa/2026/4045/indicacao_078.pdf","data_ultima_atualizacao":"2026-04-30T10:51:33.879092-03:00","ip":"177.185.208.96","ultima_edicao":"2026-04-30T10:50:35.644758-03:00","tipo":8,"regime_tramitacao":1,"tipo_origem_externa":null,"local_origem_externa":null,"user":22,"anexadas":[],"autores":[185]}