{"headers": {"id": "ID", "periodo": "Per\u00edodo", "titulo": "Mat\u00e9ria", "autor": "Autor", "ementa": "Ementa", "situacao": "Situa\u00e7\u00e3o"}, "results": [{"id": 3945, "periodo": "ordem dia", "titulo": "Atas da Sess\u00e3o Ordin\u00e1ria n\u00ba 2 de 2026", "autor": "", "ementa": "Ata da Sess\u00e3o Ordin\u00e1ria do dia 26/02/2026", "situacao": "N\u00e3o informada"}, {"id": 3949, "periodo": "ordem dia", "titulo": "Indica\u00e7\u00e3o n\u00ba 14 de 2026", "autor": "Professor Ederson Barros", "ementa": "a necessidade de determinar ao \u00f3rg\u00e3o competente a realiza\u00e7\u00e3o de servi\u00e7os de poda das \u00e1rvores localizadas na Avenida Brasil do Distrito de Vila Progresso, neste munic\u00edpio.", "situacao": "N\u00e3o informada"}, {"id": 3950, "periodo": "ordem dia", "titulo": "Indica\u00e7\u00e3o n\u00ba 15 de 2026", "autor": "TIAGO", "ementa": "arrumar a cobertura da guarita do Centro Comunit\u00e1rio, pois as crian\u00e7as tomam chuva e sol.", "situacao": "N\u00e3o informada"}, {"id": 3951, "periodo": "ordem dia", "titulo": "Indica\u00e7\u00e3o n\u00ba 16 de 2026", "autor": "TIAGO", "ementa": "fazer uma guarita pr\u00f3ximo a F\u00e1brica de Confec\u00e7\u00e3o do Valfrido, do outro lado da Avenida.", "situacao": "N\u00e3o informada"}, {"id": 3952, "periodo": "ordem dia", "titulo": "Indica\u00e7\u00e3o n\u00ba 17 de 2026", "autor": "TIAGO", "ementa": "fazer uma cobertura na Unidade B\u00e1sica de Sa\u00fade (antigo Hospital velho) para as pessoas que ficam do lado de fora aguardando o atendimento, pois s\u00e3o pessoas de todas as idades que ficam na chuva e sol.", "situacao": "N\u00e3o informada"}, {"id": 3953, "periodo": "ordem dia", "titulo": "Indica\u00e7\u00e3o n\u00ba 18 de 2026", "autor": "Mucio da Farm\u00e1cia", "ementa": "colocar a tampa do bueiro na rua Luiz Castoldi n\u00b026, esquina do Posto de Sa\u00fade Ana Garcia Ramos, no Conjunto Maximino Pereira dos Santos.", "situacao": "N\u00e3o informada"}, {"id": 3954, "periodo": "ordem dia", "titulo": "Indica\u00e7\u00e3o n\u00ba 19 de 2026", "autor": "Professor Ederson Barros", "ementa": "fazer a instala\u00e7\u00e3o de uma guarita de \u00f4nibus (abrigo para passageiros) na Avenida Brasil, no distrito de Vila Progresso.", "situacao": "N\u00e3o informada"}, {"id": 3955, "periodo": "ordem dia", "titulo": "Indica\u00e7\u00e3o n\u00ba 20 de 2026", "autor": "Professor Ederson Barros", "ementa": "para que o \u00f4nibus da sa\u00fade, respons\u00e1vel pelo transporte de pacientes para Londrina, realize a coleta dos usu\u00e1rios no Centro Comunit\u00e1rio Herm\u00ednio Cardoso.", "situacao": "N\u00e3o informada"}, {"id": 3956, "periodo": "ordem dia", "titulo": "Indica\u00e7\u00e3o n\u00ba 21 de 2026", "autor": "Daia Lubrifica\u00e7\u00f5es", "ementa": "fazer o tapa buraco em frente a Cl\u00ednica Monbraz.", "situacao": "N\u00e3o informada"}, {"id": 3957, "periodo": "ordem dia", "titulo": "Indica\u00e7\u00e3o n\u00ba 22 de 2026", "autor": "Daia Lubrifica\u00e7\u00f5es", "ementa": "fazer uma manuten\u00e7\u00e3o no final da Rua Vitalino de Souza (antiga Rua Arapongas).", "situacao": "N\u00e3o informada"}, {"id": 3958, "periodo": "ordem dia", "titulo": "Indica\u00e7\u00e3o n\u00ba 23 de 2026", "autor": "Daia Lubrifica\u00e7\u00f5es", "ementa": "fazer uma manuten\u00e7\u00e3o na estrada que d\u00e1 acesso ao S\u00edtio dos Godoy (S\u00edtio dos Pimentas), pois a estrada precisa de cascalho.", "situacao": "N\u00e3o informada"}]}