{"headers": {"id": "ID", "periodo": "Per\u00edodo", "titulo": "Mat\u00e9ria", "autor": "Autor", "ementa": "Ementa", "situacao": "Situa\u00e7\u00e3o"}, "results": [{"id": 3959, "periodo": "ordem dia", "titulo": "Atas da Sess\u00e3o Ordin\u00e1ria n\u00ba 3 de 2026", "autor": "", "ementa": "Ata da Sess\u00e3o Ordin\u00e1ria do dia 05/03/2026", "situacao": "N\u00e3o informada"}, {"id": 3947, "periodo": "ordem dia", "titulo": "Projeto de Lei Ordin\u00e1ria n\u00ba 5 de 2026", "autor": "Melquiades Tavian Junior - Prefeito", "ementa": "Cria o Fundo Municipal de Prote\u00e7\u00e3o e Defesa Civil (FUNMPDEC) do munic\u00edpio de Centen\u00e1rio do Sul e d\u00e1 outras provid\u00eancias.", "situacao": "N\u00e3o informada"}, {"id": 3946, "periodo": "ordem dia", "titulo": "Projeto de Lei Ordin\u00e1ria n\u00ba 7 de 2026", "autor": "Melquiades Tavian Junior - Prefeito", "ementa": "Revoga o artigo 3\u00ba e seu par\u00e1grafo \u00fanico da Lei Municipal n\u00ba 3291 de 10 de fevereiro de 2026, e d\u00e1 outras provid\u00eancias.", "situacao": "N\u00e3o informada"}, {"id": 3961, "periodo": "ordem dia", "titulo": "Indica\u00e7\u00e3o n\u00ba 24 de 2026", "autor": "Valdir Casanova", "ementa": "refazer o Canteiro Central da Rua Massanobu Nakamura, em frente ao n\u00famero 417, devido a retirada de \u00e1rvores, onde danificaram todo o canteiro.", "situacao": "N\u00e3o informada"}, {"id": 3962, "periodo": "ordem dia", "titulo": "Indica\u00e7\u00e3o n\u00ba 25 de 2026", "autor": "Valdir Casanova", "ementa": "colocar um portal na entrada do Distrito de Vila Progresso.", "situacao": "N\u00e3o informada"}, {"id": 3963, "periodo": "ordem dia", "titulo": "Indica\u00e7\u00e3o n\u00ba 26 de 2026", "autor": "Valdir Casanova,Marlon do Kioski", "ementa": "fazer as faixas de sinaliza\u00e7\u00e3o no asfalto de Vila Progresso e do Conjunto Casarim", "situacao": "N\u00e3o informada"}, {"id": 3964, "periodo": "ordem dia", "titulo": "Indica\u00e7\u00e3o n\u00ba 27 de 2026", "autor": "Marlon do Kioski,Noel,Rubisnei,Valdir Casanova", "ementa": "conceder o reajuste salarial dos estagi\u00e1rios.", "situacao": "N\u00e3o informada"}, {"id": 3968, "periodo": "ordem dia", "titulo": "Indica\u00e7\u00e3o n\u00ba 28 de 2026", "autor": "Daia Lubrifica\u00e7\u00f5es,Mucio da Farm\u00e1cia,TIAGO", "ementa": "para que seja concedido o prazo at\u00e9 o final deste ano letivo aos servidores que n\u00e3o passaram no concurso p\u00fablico e prestam servi\u00e7os nesta municipalidade atrav\u00e9s da APMIF, para n\u00e3o serem dispensados de suas fun\u00e7\u00f5es.", "situacao": "N\u00e3o informada"}, {"id": 3960, "periodo": "ordem dia", "titulo": "Requerimento n\u00ba 4 de 2026", "autor": "TIAGO", "ementa": "- Por que est\u00e3o levando pacientes no HCL (Hospital do C\u00e2ncer de Londrina) em ambul\u00e2ncias, inclusive idosos?\r\n- Por que ainda a administra\u00e7\u00e3o n\u00e3o viabilizou uma Van e Carro espec\u00edfico para levar esses pacientes para tratamento?", "situacao": "N\u00e3o informada"}, {"id": 3966, "periodo": "ordem dia", "titulo": "Requerimento n\u00ba 6 de 2026", "autor": "Daia Lubrifica\u00e7\u00f5es,Mucio da Farm\u00e1cia,TIAGO", "ementa": "informa\u00e7\u00f5es sobre a constru\u00e7\u00e3o da escola no Conjunto Adalgisa:\r\nO que est\u00e1 sendo feito para rein\u00edcio da obra daquela escola que j\u00e1 passa de 10 anos e n\u00e3o termina?\r\nA empresa que ganhou o \u00faltimo processo licitat\u00f3rio com a administra\u00e7\u00e3o, porque n\u00e3o iniciou os servi\u00e7os?\r\nQual o cronograma de retomada daquela obra?\r\nO que a Secretaria de Educa\u00e7\u00e3o tem feito para resolver o problema?\r\n- Envio de todos comprovantes de pagamento com rela\u00e7\u00e3o as medi\u00e7\u00f5es que foram executadas por diferentes empresas desde do in\u00edcio! Para sabermos o quanto de dinheiro p\u00fablico j\u00e1 foi gasto naquele local.", "situacao": "N\u00e3o informada"}, {"id": 3967, "periodo": "ordem dia", "titulo": "Requerimento n\u00ba 7 de 2026", "autor": "Daia Lubrifica\u00e7\u00f5es,Mucio da Farm\u00e1cia,TIAGO", "ementa": "informa\u00e7\u00f5es sobre a casa de propriedade do munic\u00edpio na \u00c1rea de Lazer Pedra Preta:\r\nQuem est\u00e1 cuidando daquele local? Quem est\u00e1 respons\u00e1vel por aquele local?\r\nTem algu\u00e9m usando aquela casa?\r\nO munic\u00edpio realizou algum processo perante a Lei para ceder o espa\u00e7o daquela casa? Se sim, solicito a c\u00f3pia.\r\nSolicito informa\u00e7\u00f5es por se tratar de um bem p\u00fablico, sabendo disso esperamos atrav\u00e9s deste requerimento as respostas das d\u00favidas que chegou a este parlamentar.", "situacao": "N\u00e3o informada"}]}