{"headers": {"id": "ID", "periodo": "Per\u00edodo", "titulo": "Mat\u00e9ria", "autor": "Autor", "ementa": "Ementa", "situacao": "Situa\u00e7\u00e3o"}, "results": [{"id": 3982, "periodo": "ordem dia", "titulo": "Atas da Sess\u00e3o Ordin\u00e1ria n\u00ba 5 de 2026", "autor": "", "ementa": "Ata da Sess\u00e3o Ordin\u00e1ria do dia 19/03/2026", "situacao": "N\u00e3o informada"}, {"id": 3987, "periodo": "ordem dia", "titulo": "Indica\u00e7\u00e3o n\u00ba 38 de 2026", "autor": "Valdir Casanova,Daia Lubrifica\u00e7\u00f5es,Mucio da Farm\u00e1cia,Ticiane Meneghetti", "ementa": "colocar Ar Condicionado no Centro Comunit\u00e1rio Herm\u00ednio Cardoso.", "situacao": "N\u00e3o informada"}, {"id": 3991, "periodo": "ordem dia", "titulo": "Indica\u00e7\u00e3o n\u00ba 39 de 2026", "autor": "Daia Lubrifica\u00e7\u00f5es,Mucio da Farm\u00e1cia,TIAGO", "ementa": "fazer uma Guarita no ponto de \u00f4nibus escolar no Conjunto Guilherme Pizolato, em frente ao Parquinho.", "situacao": "N\u00e3o informada"}, {"id": 3992, "periodo": "ordem dia", "titulo": "Indica\u00e7\u00e3o n\u00ba 40 de 2026", "autor": "Daia Lubrifica\u00e7\u00f5es,Mucio da Farm\u00e1cia,TIAGO", "ementa": "fazer uma ro\u00e7agem nas \u00faltimas quadras da Rua Jos\u00e9 Garcia Alves do Conjunto S\u00e3o Judas Tadeu.", "situacao": "N\u00e3o informada"}, {"id": 3993, "periodo": "ordem dia", "titulo": "Indica\u00e7\u00e3o n\u00ba 41 de 2026", "autor": "Daia Lubrifica\u00e7\u00f5es", "ementa": "colocar um Guarda (Vigia) no Posto de Sa\u00fade Central Anita Canet, no per\u00edodo noturno, inclusive final de semana e feriados.", "situacao": "N\u00e3o informada"}, {"id": 3994, "periodo": "ordem dia", "titulo": "Indica\u00e7\u00e3o n\u00ba 42 de 2026", "autor": "Rubisnei", "ementa": "para que, em face do novo levantamento que foi realizado referente as insalubridades dos servidores municipais, aproveitando o ensejo, que seja revisto a insalubridade dos Agentes de Sa\u00fade e Endemias, usando como refer\u00eancia o sal\u00e1rio base da categoria. - E que a insalubridade dos demais servidores sejam tamb\u00e9m calculadas sobre o sal\u00e1rio base do servidor.", "situacao": "N\u00e3o informada"}, {"id": 3995, "periodo": "ordem dia", "titulo": "Indica\u00e7\u00e3o n\u00ba 43 de 2026", "autor": "Rubisnei,Mucio da Farm\u00e1cia", "ementa": "para que seja aberto no Conjunto Jardim Planalto um acesso de passagem de ve\u00edculo direto at\u00e9 o local, principalmente na \u00e1rea comercial de frente com a rodovia.", "situacao": "N\u00e3o informada"}, {"id": 3983, "periodo": "ordem dia", "titulo": "Mo\u00e7\u00e3o n\u00ba 1 de 2026", "autor": "Valdir Casanova,Daia Lubrifica\u00e7\u00f5es,Marlon do Kioski,Mucio da Farm\u00e1cia,Noel,Professor Ederson Barros,Rubisnei,TIAGO,Ticiane Meneghetti", "ementa": "MO\u00c7\u00c3O DE PARABENIZA\u00c7\u00c3O para a sra. MARIZA POMBO DA SILVA, Coordenadora do Setor de Exames, pelos servi\u00e7os prestados pelo bom atendimento ao p\u00fablico na Secretaria de Municipal de Sa\u00fade.", "situacao": "N\u00e3o informada"}, {"id": 3984, "periodo": "ordem dia", "titulo": "Mo\u00e7\u00e3o n\u00ba 2 de 2026", "autor": "Valdir Casanova,Daia Lubrifica\u00e7\u00f5es,Marlon do Kioski,Mucio da Farm\u00e1cia,Noel,Professor Ederson Barros,Rubisnei,TIAGO,Ticiane Meneghetti", "ementa": "MO\u00c7\u00c3O DE PARABENIZA\u00c7\u00c3O para a sra. ODILIA MELO KADOGUTI, Coordenadora do Setor de Agendamento de Consultas, pelos servi\u00e7os prestados pelo bom atendimento ao p\u00fablico na Secretaria de Municipal de Sa\u00fade.", "situacao": "N\u00e3o informada"}, {"id": 3985, "periodo": "ordem dia", "titulo": "Requerimento n\u00ba 11 de 2026", "autor": "Valdir Casanova", "ementa": "- Como est\u00e1 o funcionamento da Associa\u00e7\u00e3o de Reciclagem no munic\u00edpio? Est\u00e1 recebendo recursos financeiros e outras ajudas do munic\u00edpio para executar este servi\u00e7o em nossa cidade? Se estiver, como est\u00e1 sendo feito?", "situacao": "N\u00e3o informada"}, {"id": 3986, "periodo": "ordem dia", "titulo": "Requerimento n\u00ba 12 de 2026", "autor": "Marlon do Kioski,Professor Ederson Barros", "ementa": "- Que o \u00f4nibus do transporte escolar o qual buscam os alunos no Conjunto Nazareth, com destino ao Col\u00e9gio Padre Jos\u00e9 Pires, possa buscar tamb\u00e9m os alunos que residem no Conjunto Bella It\u00e1lia.", "situacao": "N\u00e3o informada"}, {"id": 3988, "periodo": "ordem dia", "titulo": "Requerimento n\u00ba 13 de 2026", "autor": "Professor Ederson Barros", "ementa": "provid\u00eancias urgentes quanto \u00e0 fiscaliza\u00e7\u00e3o e sinaliza\u00e7\u00e3o de tr\u00e1fego de motocicletas e ve\u00edculos el\u00e9tricos na Pra\u00e7a Central Padre Aur\u00e9lio Basso.", "situacao": "N\u00e3o informada"}, {"id": 3989, "periodo": "ordem dia", "titulo": "Requerimento n\u00ba 14 de 2026", "autor": "Ticiane Meneghetti", "ementa": "atrav\u00e9s da Secretaria Municipal de Sa\u00fade, solicitando as seguintes informa\u00e7\u00f5es acerca do servi\u00e7o de fisioterapia no munic\u00edpio:\r\n\t1. Como funciona o fluxo de atendimento de fisioterapia, desde o encaminhamento do paciente at\u00e9 a alta;\r\n\t2. Quais s\u00e3o os crit\u00e9rios utilizados para concess\u00e3o de alta aos pacientes;\r\n\t3. Quantos pacientes encontram-se atualmente na fila de espera para atendimento fisioterap\u00eautico;\r\n\t4. Quantos pacientes est\u00e3o atualmente em atendimento;\r\n\t5. Qual a m\u00e9dia de atendimentos realizados por dia por cada profissional fisioterapeuta;\r\n\t6. Quantos profissionais fisioterapeutas atuam atualmente na rede municipal;\r\n\t7. Se h\u00e1 estudo ou planejamento por parte da Secretaria de Sa\u00fade para amplia\u00e7\u00e3o do n\u00famero de profissionais, visando reduzir a fila de espera;\r\n\t8. Se o munic\u00edpio disp\u00f5e de atendimento de fisioterapia em grupo, e, em caso positivo, como \u00e9 organizado (quantidade de grupos, p\u00fablico atendido e frequ\u00eancia);\r\n\t9. Qual o protocolo de atendimento adotado pelo servi\u00e7o de ......", "situacao": "N\u00e3o informada"}, {"id": 3990, "periodo": "ordem dia", "titulo": "Requerimento n\u00ba 15 de 2026", "autor": "Ticiane Meneghetti", "ementa": "REQUER do chefe do Poder Executivo Municipal e \u00e0 Diretoria de Pol\u00edticas P\u00fablicas para a Mulher, solicitando as seguintes informa\u00e7\u00f5es acerca da implementa\u00e7\u00e3o da Lei Municipal n\u00ba 3.280/2025, que institui a Rede Municipal de Atendimento \u00e0s Mulheres em Situa\u00e7\u00e3o de Viol\u00eancia no Munic\u00edpio de Centen\u00e1rio do Sul/PR", "situacao": "N\u00e3o informada"}]}