{"headers": {"id": "ID", "periodo": "Per\u00edodo", "titulo": "Mat\u00e9ria", "autor": "Autor", "ementa": "Ementa", "situacao": "Situa\u00e7\u00e3o"}, "results": [{"id": 4017, "periodo": "ordem dia", "titulo": "Atas da Sess\u00e3o Ordin\u00e1ria n\u00ba 7 de 2026", "autor": "", "ementa": "Ata da Sess\u00e3o Ordin\u00e1ria do dia 09/04/2026", "situacao": "N\u00e3o informada"}, {"id": 3922, "periodo": "ordem dia", "titulo": "Projeto de Lei Ordin\u00e1ria n\u00ba 3 de 2026", "autor": "Melquiades Tavian Junior - Prefeito", "ementa": "Disp\u00f5e sobre destina\u00e7\u00e3o de recursos para a ONG - Anjos da Rua", "situacao": "Parecer favor\u00e1vel da Comiss\u00e3o da Administra\u00e7\u00e3o P\u00fablica"}, {"id": 3997, "periodo": "ordem dia", "titulo": "Projeto de Lei Ordin\u00e1ria n\u00ba 8 de 2026", "autor": "Melquiades Tavian Junior - Prefeito", "ementa": "Autoriza o Poder Executivo Municipal a aderir ao Programa Casa F\u00e1cil Paran\u00e1, a firmar conv\u00eanios, conceder incentivos fiscais, aportar recursos, executar a\u00e7\u00f5es necess\u00e1rias \u00e0 implanta\u00e7\u00e3o de empreendimentos habitacionais de interesse social e realizar a titula\u00e7\u00e3o aos benefici\u00e1rios finais, e d\u00e1 outras provid\u00eancias.", "situacao": "Proposi\u00e7\u00e3o aprovada em 1\u00ba turno"}, {"id": 3996, "periodo": "ordem dia", "titulo": "Projeto de Resolu\u00e7\u00e3o n\u00ba 3 de 2026", "autor": "Marlon Cruz Pr\u00eamoli - Presidente,Noel de Moura Neto - 1\u00ba Secret\u00e1rio", "ementa": "Altera o artigo 34, acrescentando os incisos VII, VIII, e acrescenta-se os artigos 40-A e 40-B da Resolu\u00e7\u00e3o n\u00ba 002 de 31 de dezembro de 1990-Regimento Interno da C\u00e2mara Municipal de Centen\u00e1rio do Sul, Estado do Paran\u00e1", "situacao": "Proposi\u00e7\u00e3o aprovada em 1\u00ba turno"}, {"id": 4018, "periodo": "ordem dia", "titulo": "Indica\u00e7\u00e3o n\u00ba 58 de 2026", "autor": "Ticiane Meneghetti", "ementa": "fazer a instala\u00e7\u00e3o de ventiladores adicionais ou aparelhos de ar-condicionado no Centro Comunit\u00e1rio de Vila Progresso.", "situacao": "N\u00e3o informada"}, {"id": 4019, "periodo": "ordem dia", "titulo": "Indica\u00e7\u00e3o n\u00ba 59 de 2026", "autor": "Valdir Casanova", "ementa": "fazer o tapa buraco na Rua Camb\u00e9, pr\u00f3ximo ao n\u00famero 550, devido a quantidade de buracos.", "situacao": "N\u00e3o informada"}, {"id": 4021, "periodo": "ordem dia", "titulo": "Indica\u00e7\u00e3o n\u00ba 60 de 2026", "autor": "Professor Ederson Barros", "ementa": "para que seja realizada a instala\u00e7\u00e3o de tapumes nos terrenos baldios pertencentes ao munic\u00edpio, em especial no terreno localizado em frente \u00e0 Pra\u00e7a Padre Aur\u00e9lio Basso.", "situacao": "N\u00e3o informada"}, {"id": 4022, "periodo": "ordem dia", "titulo": "Indica\u00e7\u00e3o n\u00ba 61 de 2026", "autor": "Mucio da Farm\u00e1cia", "ementa": "realizar opera\u00e7\u00e3o de tapa buracos e manuten\u00e7\u00e3o asf\u00e1ltica na Rua Jo\u00e3o Severiano Ferreira (antiga rua 2) pr\u00f3ximo ao bar da Nice e a escola Municipal S\u00e3o Jos\u00e9 no Conjunto Adalgisa.", "situacao": "N\u00e3o informada"}, {"id": 4023, "periodo": "ordem dia", "titulo": "Indica\u00e7\u00e3o n\u00ba 62 de 2026", "autor": "Mucio da Farm\u00e1cia", "ementa": "realizar opera\u00e7\u00e3o de tapa buraco e manuten\u00e7\u00e3o asf\u00e1ltica na Rua Dom Geraldo Fernandes, em frente ao n\u00famero 464, pr\u00f3ximo a Escola Municipal S\u00e3o Jos\u00e9 no Conjunto Adalgisa.", "situacao": "N\u00e3o informada"}, {"id": 4024, "periodo": "ordem dia", "titulo": "Indica\u00e7\u00e3o n\u00ba 63 de 2026", "autor": "Mucio da Farm\u00e1cia,Daia Lubrifica\u00e7\u00f5es", "ementa": "realizar opera\u00e7\u00e3o de tapa buracos e manuten\u00e7\u00e3o asf\u00e1ltica na Avenida Wanderley Antunes de Moraes, em frente do Posto Eben\u00e9zer.", "situacao": "N\u00e3o informada"}, {"id": 4025, "periodo": "ordem dia", "titulo": "Indica\u00e7\u00e3o n\u00ba 64 de 2026", "autor": "Daia Lubrifica\u00e7\u00f5es", "ementa": "colocar a tampa na boca de lobo que se encontra aberta no Jardim Maring\u00e1, em frente a quadra da Escola Jos\u00e9 de Anchieta.", "situacao": "N\u00e3o informada"}, {"id": 4026, "periodo": "ordem dia", "titulo": "Indica\u00e7\u00e3o n\u00ba 65 de 2026", "autor": "Daia Lubrifica\u00e7\u00f5es", "ementa": "fazer uma manuten\u00e7\u00e3o no asfalto da Rua Deodato de Oliveira, nas proximidades dos n\u00fameros 982, 991.", "situacao": "N\u00e3o informada"}, {"id": 4027, "periodo": "ordem dia", "titulo": "Indica\u00e7\u00e3o n\u00ba 66 de 2026", "autor": "Daia Lubrifica\u00e7\u00f5es", "ementa": "fazer uma manuten\u00e7\u00e3o na estrada do Banco da Terra do Santo Expedito II.", "situacao": "N\u00e3o informada"}, {"id": 4030, "periodo": "ordem dia", "titulo": "Indica\u00e7\u00e3o n\u00ba 67 de 2026", "autor": "Mucio da Farm\u00e1cia", "ementa": "realizar a instala\u00e7\u00e3o de lombada (quebra-molas) na Rua Vereador Jos\u00e9 Carlos Nogueira Costa, (antiga Eduardo Carlos Pereira), na quadra entre os n\u00fameros 1011 e 1088.", "situacao": "N\u00e3o informada"}, {"id": 4031, "periodo": "ordem dia", "titulo": "Indica\u00e7\u00e3o n\u00ba 68 de 2026", "autor": "Daia Lubrifica\u00e7\u00f5es", "ementa": "venho cobrar pela segunda vez a manuten\u00e7\u00e3o da estrada que d\u00e1 acesso \u00e0 Capela Jesus Misericordioso, pr\u00f3ximo a propriedade do senhor  Durval Bonim.", "situacao": "N\u00e3o informada"}, {"id": 4020, "periodo": "ordem dia", "titulo": "Requerimento n\u00ba 19 de 2026", "autor": "Valdir Casanova", "ementa": "informa\u00e7\u00f5es acerca da capela mortu\u00e1ria municipal, que se encontra interditada h\u00e1 v\u00e1rios meses.", "situacao": "N\u00e3o informada"}, {"id": 4028, "periodo": "ordem dia", "titulo": "Requerimento n\u00ba 20 de 2026", "autor": "Daia Lubrifica\u00e7\u00f5es", "ementa": "informa\u00e7\u00f5es sobre toda frota do munic\u00edpio que est\u00e1 em uso:\r\n- Quantos ve\u00edculos (carros) baixos tem? \r\n- Informar marca do ve\u00edculo, placa e setor que est\u00e1 lotado o ve\u00edculo?\r\n- Informar todos caminh\u00f5es que tem o munic\u00edpio? Solicito a marca, placa e setor que est\u00e1 lotado?\r\n- Informar todos \u00f4nibus que tem o munic\u00edpio? Solicito marca, placa e setor que est\u00e1 lotado?\r\n- Informar todos maquin\u00e1rios que tem o munic\u00edpio? Solicito marca e setor que est\u00e1 lotado?\r\n- Informar todas ambul\u00e2ncias e Vans que tem no munic\u00edpio, solicito marca, placa e setor que est\u00e1 lotado?", "situacao": "N\u00e3o informada"}, {"id": 4029, "periodo": "ordem dia", "titulo": "Requerimento n\u00ba 21 de 2026", "autor": "Daia Lubrifica\u00e7\u00f5es", "ementa": "- Quantos pneus foram trocados de toda frota de ve\u00edculo no ano de 2025?", "situacao": "N\u00e3o informada"}]}